{"id":119,"date":"2025-03-24T23:05:13","date_gmt":"2025-03-24T22:05:13","guid":{"rendered":"https:\/\/www.kinecycle.fr\/?p=119"},"modified":"2025-04-05T16:17:40","modified_gmt":"2025-04-05T14:17:40","slug":"hauteur-de-selle","status":"publish","type":"post","link":"https:\/\/www.kinecycle.fr\/?p=119","title":{"rendered":"Hauteur de selle"},"content":{"rendered":"\n<p>La d\u00e9termination de la hauteur de selle en cyclisme a fait l&rsquo;objet de nombreuses recherches et d\u00e9bats au fil des d\u00e9cennies. Une hauteur appropri\u00e9e est cruciale pour <strong>optimiser la performance, le confort et pr\u00e9venir les blessures<\/strong>. Cet article retrace l&rsquo;\u00e9volution des principales m\u00e9thodes utilis\u00e9es pour ajuster la hauteur de selle, en s&rsquo;appuyant sur des r\u00e9f\u00e9rences scientifiques.<\/p>\n\n\n<div class=\"wp-block-image\">\n<figure class=\"aligncenter is-resized\"><img loading=\"lazy\" decoding=\"async\" width=\"1920\" height=\"2560\" src=\"https:\/\/www.kinecycle.fr\/wp-content\/uploads\/2025\/03\/IMG_0024-scaled.jpg\" alt=\"\" class=\"wp-image-289\" style=\"width:320px;height:auto\" srcset=\"https:\/\/www.kinecycle.fr\/wp-content\/uploads\/2025\/03\/IMG_0024-scaled.jpg 1920w, https:\/\/www.kinecycle.fr\/wp-content\/uploads\/2025\/03\/IMG_0024-225x300.jpg 225w, https:\/\/www.kinecycle.fr\/wp-content\/uploads\/2025\/03\/IMG_0024-768x1024.jpg 768w, https:\/\/www.kinecycle.fr\/wp-content\/uploads\/2025\/03\/IMG_0024-1152x1536.jpg 1152w, https:\/\/www.kinecycle.fr\/wp-content\/uploads\/2025\/03\/IMG_0024-1536x2048.jpg 1536w\" sizes=\"auto, (max-width: 1920px) 100vw, 1920px\" \/><\/figure>\n<\/div>\n\n\n<h3 class=\"wp-block-heading\">M\u00e9thodes empiriques initiales<\/h3>\n\n\n\n<p>Historiquement, les cyclistes ont utilis\u00e9 des approches simples pour r\u00e9gler leur selle. L&rsquo;une des premi\u00e8res m\u00e9thodes consistait \u00e0 s&rsquo;asseoir sur le v\u00e9lo, placer le talon sur la p\u00e9dale en position basse, et ajuster la selle jusqu&rsquo;\u00e0 ce que la jambe soit compl\u00e8tement tendue sans d\u00e9hanchement. Cette technique, bien que rudimentaire, offrait une premi\u00e8re approximation de la hauteur de selle. Formules bas\u00e9es sur l&rsquo;entrejambe.<\/p>\n\n\n\n<p>Avec le temps, des formules math\u00e9matiques ont \u00e9t\u00e9 d\u00e9velopp\u00e9es pour affiner ce r\u00e9glage. La m\u00e9thode de LeMond, par exemple, propose de multiplier la hauteur de l&rsquo;entrejambe par 0,883 pour obtenir la distance entre l&rsquo;axe du p\u00e9dalier et le sommet de la selle. Cette approche a \u00e9t\u00e9 largement adopt\u00e9e pour sa simplicit\u00e9 et son efficacit\u00e9 relative. <\/p>\n\n\n\n<h3 class=\"wp-block-heading\">Approches biom\u00e9caniques et analyses angulaires<\/h3>\n\n\n\n<p>Les avanc\u00e9es en biom\u00e9canique ont introduit des m\u00e9thodes plus sophistiqu\u00e9es, bas\u00e9es sur l&rsquo;analyse des angles articulaires. La m\u00e9thode de Holmes, par exemple, recommande que l&rsquo;angle du genou soit compris entre 25\u00b0 et 35\u00b0 lorsque la p\u00e9dale est au point mort bas. Cette approche vise \u00e0 minimiser les risques de blessures tout en optimisant l&rsquo;efficacit\u00e9 du p\u00e9dalage. <\/p>\n\n\n\n<h3 class=\"wp-block-heading\">Int\u00e9gration des technologies modernes<\/h3>\n\n\n\n<p>Aujourd&rsquo;hui, l&rsquo;utilisation de technologies avanc\u00e9es, telles que <strong>l&rsquo;analyse vid\u00e9o 2D et les capteurs de mouvement<\/strong>, permet une personnalisation encore plus pr\u00e9cise de la hauteur de selle. Ces outils offrent une \u00e9valuation dynamique du p\u00e9dalage, tenant compte des sp\u00e9cificit\u00e9s physiologiques de chaque cycliste pour un ajustement optimal.<\/p>\n\n\n\n<h3 class=\"wp-block-heading\">Conclusion<\/h3>\n\n\n\n<p>L&rsquo;\u00e9volution des m\u00e9thodes de r\u00e9glage de la hauteur de selle refl\u00e8te la qu\u00eate continue d&rsquo;am\u00e9lioration de la performance et du confort en cyclisme. Si les approches empiriques posent les bases, les avanc\u00e9es scientifiques et technologiques actuelles permettent des ajustements hautement personnalis\u00e9s, contribuant \u00e0 une pratique plus efficace et s\u00e9curitaire du cyclisme.<\/p>\n\n\n<div class=\"wp-block-image\">\n<figure class=\"aligncenter size-large is-resized\"><img loading=\"lazy\" decoding=\"async\" width=\"894\" height=\"1024\" src=\"http:\/\/www.kinecycle.fr\/wp-content\/uploads\/2025\/03\/image03-894x1024.jpg\" alt=\"\" class=\"wp-image-48\" style=\"width:313px;height:auto\" srcset=\"https:\/\/www.kinecycle.fr\/wp-content\/uploads\/2025\/03\/image03-894x1024.jpg 894w, https:\/\/www.kinecycle.fr\/wp-content\/uploads\/2025\/03\/image03-262x300.jpg 262w, https:\/\/www.kinecycle.fr\/wp-content\/uploads\/2025\/03\/image03-768x880.jpg 768w, https:\/\/www.kinecycle.fr\/wp-content\/uploads\/2025\/03\/image03.jpg 901w\" sizes=\"auto, (max-width: 894px) 100vw, 894px\" \/><figcaption class=\"wp-element-caption\">Mesure vid\u00e9o 2D<\/figcaption><\/figure>\n<\/div>","protected":false},"excerpt":{"rendered":"<p>La d\u00e9termination de la hauteur de selle en cyclisme a fait l&rsquo;objet de nombreuses recherches et d\u00e9bats au fil des d\u00e9cennies. Une hauteur appropri\u00e9e est cruciale pour optimiser la performance, le confort et pr\u00e9venir les blessures. Cet article retrace l&rsquo;\u00e9volution des principales m\u00e9thodes utilis\u00e9es pour ajuster la hauteur de selle, en s&rsquo;appuyant sur des r\u00e9f\u00e9rences &#8230; <a title=\"Hauteur de selle\" class=\"read-more\" href=\"https:\/\/www.kinecycle.fr\/?p=119\" aria-label=\"En savoir plus sur Hauteur de selle\">Lire la suite<\/a><\/p>\n","protected":false},"author":1,"featured_media":264,"comment_status":"open","ping_status":"open","sticky":false,"template":"","format":"standard","meta":{"footnotes":""},"categories":[3,2],"tags":[],"class_list":["post-119","post","type-post","status-publish","format-standard","has-post-thumbnail","hentry","category-cyclisme-et-sante","category-etude-posturale"],"_links":{"self":[{"href":"https:\/\/www.kinecycle.fr\/index.php?rest_route=\/wp\/v2\/posts\/119","targetHints":{"allow":["GET"]}}],"collection":[{"href":"https:\/\/www.kinecycle.fr\/index.php?rest_route=\/wp\/v2\/posts"}],"about":[{"href":"https:\/\/www.kinecycle.fr\/index.php?rest_route=\/wp\/v2\/types\/post"}],"author":[{"embeddable":true,"href":"https:\/\/www.kinecycle.fr\/index.php?rest_route=\/wp\/v2\/users\/1"}],"replies":[{"embeddable":true,"href":"https:\/\/www.kinecycle.fr\/index.php?rest_route=%2Fwp%2Fv2%2Fcomments&post=119"}],"version-history":[{"count":4,"href":"https:\/\/www.kinecycle.fr\/index.php?rest_route=\/wp\/v2\/posts\/119\/revisions"}],"predecessor-version":[{"id":293,"href":"https:\/\/www.kinecycle.fr\/index.php?rest_route=\/wp\/v2\/posts\/119\/revisions\/293"}],"wp:featuredmedia":[{"embeddable":true,"href":"https:\/\/www.kinecycle.fr\/index.php?rest_route=\/wp\/v2\/media\/264"}],"wp:attachment":[{"href":"https:\/\/www.kinecycle.fr\/index.php?rest_route=%2Fwp%2Fv2%2Fmedia&parent=119"}],"wp:term":[{"taxonomy":"category","embeddable":true,"href":"https:\/\/www.kinecycle.fr\/index.php?rest_route=%2Fwp%2Fv2%2Fcategories&post=119"},{"taxonomy":"post_tag","embeddable":true,"href":"https:\/\/www.kinecycle.fr\/index.php?rest_route=%2Fwp%2Fv2%2Ftags&post=119"}],"curies":[{"name":"wp","href":"https:\/\/api.w.org\/{rel}","templated":true}]}}