{"id":325,"date":"2025-04-12T07:44:43","date_gmt":"2025-04-12T05:44:43","guid":{"rendered":"https:\/\/www.kinecycle.fr\/?p=325"},"modified":"2025-04-12T20:23:39","modified_gmt":"2025-04-12T18:23:39","slug":"cyclisme-et-douleur-perineale","status":"publish","type":"post","link":"https:\/\/www.kinecycle.fr\/?p=325","title":{"rendered":"Cyclisme et douleur p\u00e9rin\u00e9ale"},"content":{"rendered":"\n<p>Souffrez-vous de douleurs p\u00e9rin\u00e9ales \u00e0 v\u00e9lo ?<\/p>\n\n\n\n<p>Sachez que vous n\u2019\u00eates pas seul : selon certaines \u00e9tudes, <strong>jusqu\u2019\u00e0 91 % <\/strong>des cyclistes rapportent avoir d\u00e9j\u00e0 ressenti des engourdissements ou des douleurs au niveau de la r\u00e9gion p\u00e9rin\u00e9ale (Sommer et al., 2001). <\/p>\n\n\n\n<p>Ce sympt\u00f4me, souvent banalis\u00e9, peut pourtant avoir des cons\u00e9quences s\u00e9rieuses s\u2019il n\u2019est pas pris en charge \u00e0 temps.<\/p>\n\n\n\n<h2 class=\"wp-block-heading\">Quels sont les sympt\u00f4mes ?<\/h2>\n\n\n\n<p>Les douleurs p\u00e9rin\u00e9ales se manifestent de plusieurs fa\u00e7ons, et leur intensit\u00e9 peut varier. Parmi les plus fr\u00e9quentes, la litt\u00e9rature scientifique mentionne :<\/p>\n\n\n\n<ul class=\"wp-block-list\">\n<li><strong>Engourdissement g\u00e9nital<\/strong> : \u201cLes syndromes de compression nerveuse se manifestant par un engourdissement des organes g\u00e9nitaux sont les probl\u00e8mes urog\u00e9nitaux les plus fr\u00e9quemment associ\u00e9s au cyclisme\u201d <em><a href=\"https:\/\/pubmed.ncbi.nlm.nih.gov\/11531032\/\" data-type=\"link\" data-id=\"https:\/\/pubmed.ncbi.nlm.nih.gov\/11531032\/\">(Sommer F. et al., 2001 &#8211; PMID: 15716187).<\/a><\/em><\/li>\n\n\n\n<li><strong>Douleur et gonflement p\u00e9rin\u00e9al<\/strong> :\u201cLa thrombose partielle idiopathique du corps caverneux se pr\u00e9sente typiquement avec une douleur et un gonflement p\u00e9rin\u00e9al\u201d <em>(<a href=\"https:\/\/pubmed.ncbi.nlm.nih.gov\/26553854\/\">de Laycock J. et al., 2015 &#8211; PMID: 26553854)<\/a><\/em>.<\/li>\n\n\n\n<li><strong>Diminution de la perfusion p\u00e9nienne<\/strong> :\u201cLe cyclisme en position assise entra\u00eene une compression des art\u00e8res p\u00e9rin\u00e9ales avec une diminution significative cons\u00e9quente de la perfusion p\u00e9nienne\u201d <em><a href=\"https:\/\/pubmed.ncbi.nlm.nih.gov\/12074400\/\" data-type=\"link\" data-id=\"https:\/\/pubmed.ncbi.nlm.nih.gov\/12074400\/\">(Dettori J.R. et al., 2001 &#8211; PMID: 12074400).<\/a><\/em><\/li>\n\n\n\n<li><strong>Chez les femmes<\/strong> :\u201cLa pression de la selle de v\u00e9lo sur le p\u00e9rin\u00e9e peut alt\u00e9rer l&rsquo;excitation et l&rsquo;\u00e9rection clitoridienne\u201d <em>(<a href=\"https:\/\/www.kinecycle.fr\/?page_id=295\" data-type=\"page\" data-id=\"295\">Partin K.M. et al., 2019 &#8211; PMID: 31402178).<\/a><\/em><\/li>\n<\/ul>\n\n\n\n<h2 class=\"wp-block-heading\">Quelles sont les causes possibles ?<\/h2>\n\n\n\n<p>Plusieurs facteurs biom\u00e9caniques peuvent \u00eatre \u00e0 l\u2019origine de ces douleurs :<\/p>\n\n\n\n<ul class=\"wp-block-list\">\n<li>Un <strong>drop trop important<\/strong> (diff\u00e9rence de hauteur entre la selle et le guidon), qui pousse \u00e0 basculer le poids vers l\u2019avant.<\/li>\n\n\n\n<li>Une <strong>selle trop \u00e9troite<\/strong>, qui n\u2019offre pas un bon appui aux ischions.<\/li>\n\n\n\n<li>Un <strong>bec de selle orient\u00e9 vers le haut<\/strong>, qui accentue la pression p\u00e9rin\u00e9ale.<\/li>\n\n\n\n<li>Une <strong>selle trop haute<\/strong>, provoquant un basculement du bassin et un frottement accru.<\/li>\n\n\n\n<li>Une <strong>selle trop large<\/strong> : dans ce cas, le cycliste a tendance \u00e0 s\u2019avancer sur la selle pour \u00e9viter la g\u00eane, ce qui l&rsquo;am\u00e8ne \u00e0 s\u2019asseoir sur le bec, zone tr\u00e8s sensible et non con\u00e7ue pour supporter le poids du corps.<\/li>\n\n\n\n<li><strong>Temps de selle prolong\u00e9 sans pauses<\/strong> : rester assis de longues heures sans se lever ou changer de position augmente l\u2019isch\u00e9mie des tissus p\u00e9rin\u00e9aux.<\/li>\n<\/ul>\n\n\n\n<h2 class=\"wp-block-heading\">Quelles solutions ?<\/h2>\n\n\n\n<p>Il est essentiel d\u2019agir rapidement afin d\u2019\u00e9viter des complications chroniques. <\/p>\n\n\n\n<p>Voici quelques pistes :<\/p>\n\n\n\n<p>V\u00e9rifiez en priorit\u00e9 la hauteur de selle, car une selle trop haute est l\u2019un des principaux d\u00e9clencheurs de douleurs p\u00e9rin\u00e9ales.<\/p>\n\n\n\n<p>Essayez de r\u00e9duire le drop, notamment si votre position est tr\u00e8s agressive.<\/p>\n\n\n\n<p>Consultez un expert en biom\u00e9canique du cyclisme. Une \u00e9tude posturale personnalis\u00e9e permet de corriger les d\u00e9s\u00e9quilibres et d&rsquo;adapter la position \u00e0 vos besoins.<\/p>\n\n\n\n<h2 class=\"wp-block-heading\">Conclusion<\/h2>\n\n\n\n<p>La douleur p\u00e9rin\u00e9ale est un probl\u00e8me fr\u00e9quent mais trop souvent n\u00e9glig\u00e9 chez les cyclistes. Elle peut \u00e9voluer vers des troubles fonctionnels importants, voire des neuropathies chroniques. <\/p>\n\n\n\n<p>La prise en charge n\u2019est pas toujours simple ni imm\u00e9diate, mais elle est essentielle.<\/p>\n\n\n\n<p>N\u2019attendez pas que la douleur s\u2019installe. Prenez soin de votre confort sur le v\u00e9lo \u2014 votre sant\u00e9 \u00e0 long terme en d\u00e9pend.<\/p>\n\n\n\n<p><\/p>\n","protected":false},"excerpt":{"rendered":"<p>Souffrez-vous de douleurs p\u00e9rin\u00e9ales \u00e0 v\u00e9lo ? Sachez que vous n\u2019\u00eates pas seul : selon certaines \u00e9tudes, jusqu\u2019\u00e0 91 % des cyclistes rapportent avoir d\u00e9j\u00e0 ressenti des engourdissements ou des douleurs au niveau de la r\u00e9gion p\u00e9rin\u00e9ale (Sommer et al., 2001). Ce sympt\u00f4me, souvent banalis\u00e9, peut pourtant avoir des cons\u00e9quences s\u00e9rieuses s\u2019il n\u2019est pas pris &#8230; <a title=\"Cyclisme et douleur p\u00e9rin\u00e9ale\" class=\"read-more\" href=\"https:\/\/www.kinecycle.fr\/?p=325\" aria-label=\"En savoir plus sur Cyclisme et douleur p\u00e9rin\u00e9ale\">Lire la suite<\/a><\/p>\n","protected":false},"author":1,"featured_media":328,"comment_status":"open","ping_status":"open","sticky":false,"template":"","format":"standard","meta":{"footnotes":""},"categories":[3,2],"tags":[],"class_list":["post-325","post","type-post","status-publish","format-standard","has-post-thumbnail","hentry","category-cyclisme-et-sante","category-etude-posturale"],"_links":{"self":[{"href":"https:\/\/www.kinecycle.fr\/index.php?rest_route=\/wp\/v2\/posts\/325","targetHints":{"allow":["GET"]}}],"collection":[{"href":"https:\/\/www.kinecycle.fr\/index.php?rest_route=\/wp\/v2\/posts"}],"about":[{"href":"https:\/\/www.kinecycle.fr\/index.php?rest_route=\/wp\/v2\/types\/post"}],"author":[{"embeddable":true,"href":"https:\/\/www.kinecycle.fr\/index.php?rest_route=\/wp\/v2\/users\/1"}],"replies":[{"embeddable":true,"href":"https:\/\/www.kinecycle.fr\/index.php?rest_route=%2Fwp%2Fv2%2Fcomments&post=325"}],"version-history":[{"count":1,"href":"https:\/\/www.kinecycle.fr\/index.php?rest_route=\/wp\/v2\/posts\/325\/revisions"}],"predecessor-version":[{"id":326,"href":"https:\/\/www.kinecycle.fr\/index.php?rest_route=\/wp\/v2\/posts\/325\/revisions\/326"}],"wp:featuredmedia":[{"embeddable":true,"href":"https:\/\/www.kinecycle.fr\/index.php?rest_route=\/wp\/v2\/media\/328"}],"wp:attachment":[{"href":"https:\/\/www.kinecycle.fr\/index.php?rest_route=%2Fwp%2Fv2%2Fmedia&parent=325"}],"wp:term":[{"taxonomy":"category","embeddable":true,"href":"https:\/\/www.kinecycle.fr\/index.php?rest_route=%2Fwp%2Fv2%2Fcategories&post=325"},{"taxonomy":"post_tag","embeddable":true,"href":"https:\/\/www.kinecycle.fr\/index.php?rest_route=%2Fwp%2Fv2%2Ftags&post=325"}],"curies":[{"name":"wp","href":"https:\/\/api.w.org\/{rel}","templated":true}]}}